{"id":349,"date":"2019-10-08T12:05:21","date_gmt":"2019-10-08T12:05:21","guid":{"rendered":"https:\/\/less.org.rs\/?p=349"},"modified":"2019-10-08T12:06:14","modified_gmt":"2019-10-08T12:06:14","slug":"preokret-i-kartonijada-radan-moravac-orion-21-foto","status":"publish","type":"post","link":"https:\/\/less.org.rs\/index.php\/2019\/10\/08\/preokret-i-kartonijada-radan-moravac-orion-21-foto\/","title":{"rendered":"PREOKRET I KARTONIJADA: Radan &#8211; Moravac Orion 2:1 (FOTO)"},"content":{"rendered":"\n<p>I drugi vikend za redom derbi ostaje u senci kartonijade, kritike sudija i velike nervoze svih aktera duela u Lebanu.<\/p>\n\n\n\n<p>Srpska liga Istok &#8211; 7. kolo<\/p>\n\n\n\n<p><strong>RADAN &#8211; MORAVAC ORION 2:1<\/strong><\/p>\n\n\n\n<p>Strelci: 0:1 N. Stefanovi\u0107 u 19., 1:1 P. Caki\u0107 u 62., 2:1 B. Stamenkovi\u0107 u 86. minutu &#8211; Lebane, gledalaca: 400, sudija: Mitar Klikovac (Ni\u0161), \u017duti kartoni: P. Caki\u0107, Marinkovi\u0107, B. Stamenkovi\u0107, Slavkovi\u0107 i Mitrovi\u0107 (Radan), a Mr\u0161evi\u0107 i Nasti\u0107 (Moravac Orion), crveni kartoni Stevanovi\u0107 u 86.om i predstavnik kluba G. \u0110or\u0111evi\u0107 u poluvremen(Radan), Mr\u0161evi\u0107 u 75.om minutu, N. Krsti\u0107 posle zavr\u0161etka utakmice (Moravac Orion).<\/p>\n\n\n\n<p><strong>RADAN:<\/strong>&nbsp;D. Caki\u0107, P. Caki\u0107, A. Stamenkovi\u0107 (Lap\u010devi\u0107), Stevanovi\u0107, Marinkovi\u0107, Ivanovi\u0107 (Slavkovi\u0107), Mitrovi\u0107, Stojanovi\u0107 (B. Stamenkovi\u0107), M. Stankovi\u0107, M. Kosti\u0107 i S. Kosti\u0107.<\/p>\n\n\n\n<p><strong>MORAVAC ORION<\/strong>: Vukadinovi\u0107, Stanojevi\u0107, D. Nikoli\u0107, Mr\u0161evi\u0107, Milo\u0161evi\u0107, Radivojevi\u0107 (L. Nikoli\u0107), N. Stefanovi\u0107 (Ivanovi\u0107), M. Stojanovi\u0107, An\u0111elkovi\u0107 , Radosavljevi\u0107 i Jovanovi\u0107 (Nasti\u0107).<\/p>\n\n\n\n<p>Igra\u010d utakmice: Milo\u0161 Stankovi\u0107 (Radan)<\/p>\n\n\n\n<ul class=\"wp-block-gallery columns-2 is-cropped wp-block-gallery-1 is-layout-flex wp-block-gallery-is-layout-flex\"><li class=\"blocks-gallery-item\"><figure><img fetchpriority=\"high\" decoding=\"async\" width=\"500\" height=\"350\" src=\"https:\/\/less.org.rs\/wp-content\/uploads\/2019\/10\/radan-moravac-1.jpg\" alt=\"\" data-id=\"351\" data-link=\"https:\/\/less.org.rs\/?attachment_id=351\" class=\"wp-image-351\" srcset=\"https:\/\/less.org.rs\/wp-content\/uploads\/2019\/10\/radan-moravac-1.jpg 500w, https:\/\/less.org.rs\/wp-content\/uploads\/2019\/10\/radan-moravac-1-300x210.jpg 300w, https:\/\/less.org.rs\/wp-content\/uploads\/2019\/10\/radan-moravac-1-114x80.jpg 114w\" sizes=\"(max-width: 500px) 100vw, 500px\" \/><\/figure><\/li><li class=\"blocks-gallery-item\"><figure><img decoding=\"async\" width=\"500\" height=\"350\" src=\"https:\/\/less.org.rs\/wp-content\/uploads\/2019\/10\/radan-moravac-2.jpg\" alt=\"\" data-id=\"352\" data-link=\"https:\/\/less.org.rs\/?attachment_id=352\" class=\"wp-image-352\" srcset=\"https:\/\/less.org.rs\/wp-content\/uploads\/2019\/10\/radan-moravac-2.jpg 500w, https:\/\/less.org.rs\/wp-content\/uploads\/2019\/10\/radan-moravac-2-300x210.jpg 300w, https:\/\/less.org.rs\/wp-content\/uploads\/2019\/10\/radan-moravac-2-114x80.jpg 114w\" sizes=\"(max-width: 500px) 100vw, 500px\" \/><\/figure><\/li><\/ul>\n\n\n\n<p>I drugi kom\u0161ijski derbi u istom vikendu, zavr\u0161en je istovetnim rezultatom 2:1. Samo \u0161to je ju\u010de u Leskovcu pobeda pripala gostima, dok je danas u Lebanu trijumforao, posle preokreta, doma\u0107in.<\/p>\n\n\n\n<p>Za razliku od ju\u010dera\u0161njeg dana danas prava kartonijada pored Jablanice: sedam \u017eutih i \u010detiri crvena kartona jasno govore o borbenosti, motivaciji i zalaganju jednih i drugih. Uz podse\u0107anje kako su rivali na terenu bili fudbaleri, koji su koliko ju\u010de igrali u istim ekipama, da je trener \u0110or\u0111evi\u0107 vi\u0161e godina proveo na klupi Moravca Orion od bilo kojeg trenera Mr\u0161tan\u010dana, rivalitet i visoka motivacija doveli su do nervoze i nepotrebnih reakcija.<\/p>\n\n\n\n<ul class=\"wp-block-gallery columns-2 is-cropped wp-block-gallery-2 is-layout-flex wp-block-gallery-is-layout-flex\"><li class=\"blocks-gallery-item\"><figure><img decoding=\"async\" width=\"500\" height=\"350\" src=\"https:\/\/less.org.rs\/wp-content\/uploads\/2019\/10\/radan-moravac-8.jpg\" alt=\"\" data-id=\"355\" data-link=\"https:\/\/less.org.rs\/?attachment_id=355\" class=\"wp-image-355\" srcset=\"https:\/\/less.org.rs\/wp-content\/uploads\/2019\/10\/radan-moravac-8.jpg 500w, https:\/\/less.org.rs\/wp-content\/uploads\/2019\/10\/radan-moravac-8-300x210.jpg 300w, https:\/\/less.org.rs\/wp-content\/uploads\/2019\/10\/radan-moravac-8-114x80.jpg 114w\" sizes=\"(max-width: 500px) 100vw, 500px\" \/><\/figure><\/li><li class=\"blocks-gallery-item\"><figure><img loading=\"lazy\" decoding=\"async\" width=\"500\" height=\"350\" src=\"https:\/\/less.org.rs\/wp-content\/uploads\/2019\/10\/radan-moravac-9.jpg\" alt=\"\" data-id=\"356\" data-link=\"https:\/\/less.org.rs\/?attachment_id=356\" class=\"wp-image-356\" srcset=\"https:\/\/less.org.rs\/wp-content\/uploads\/2019\/10\/radan-moravac-9.jpg 500w, https:\/\/less.org.rs\/wp-content\/uploads\/2019\/10\/radan-moravac-9-300x210.jpg 300w, https:\/\/less.org.rs\/wp-content\/uploads\/2019\/10\/radan-moravac-9-114x80.jpg 114w\" sizes=\"(max-width: 500px) 100vw, 500px\" \/><\/figure><\/li><\/ul>\n\n\n\n<p>To \u0161to je i na fotografijama vidljivo nezadovoljstvo trenera u kom\u0161ijskom derbiju na stadionu pored Jablanice, jasno pokazuje kako rukovodstvo takmi\u010denja mora daleko odgovornije da se posveti za\u0161titi regularnosti takmi\u010denja. Jer, tek smo na sredini prvog dela takmi\u010denja i prirodna je bojazan dobronamernih fudbalskih entuzijasta koji s pravom pitaju: mo\u017ee li neko da spre\u010di pojavu scena koje nikako ne doprinose razvoju najpopularnijeg sporta na Jugu Srbije.<\/p>\n","protected":false},"excerpt":{"rendered":"<p>I drugi vikend za redom derbi ostaje u senci kartonijade, kritike sudija i velike nervoze svih aktera duela u Lebanu. Srpska liga Istok &#8211; 7. kolo RADAN &#8211; MORAVAC ORION 2:1 Strelci: 0:1 N. Stefanovi\u0107 u 19., 1:1 P. Caki\u0107 u 62., 2:1 B. Stamenkovi\u0107 u 86. minutu &#8211; Lebane, gledalaca: 400, sudija: Mitar Klikovac [&hellip;]<\/p>\n","protected":false},"author":1,"featured_media":350,"comment_status":"open","ping_status":"open","sticky":false,"template":"","format":"standard","meta":{"footnotes":""},"categories":[3],"tags":[],"class_list":["post-349","post","type-post","status-publish","format-standard","has-post-thumbnail","hentry","category-vesti"],"_links":{"self":[{"href":"https:\/\/less.org.rs\/index.php\/wp-json\/wp\/v2\/posts\/349","targetHints":{"allow":["GET"]}}],"collection":[{"href":"https:\/\/less.org.rs\/index.php\/wp-json\/wp\/v2\/posts"}],"about":[{"href":"https:\/\/less.org.rs\/index.php\/wp-json\/wp\/v2\/types\/post"}],"author":[{"embeddable":true,"href":"https:\/\/less.org.rs\/index.php\/wp-json\/wp\/v2\/users\/1"}],"replies":[{"embeddable":true,"href":"https:\/\/less.org.rs\/index.php\/wp-json\/wp\/v2\/comments?post=349"}],"version-history":[{"count":1,"href":"https:\/\/less.org.rs\/index.php\/wp-json\/wp\/v2\/posts\/349\/revisions"}],"predecessor-version":[{"id":357,"href":"https:\/\/less.org.rs\/index.php\/wp-json\/wp\/v2\/posts\/349\/revisions\/357"}],"wp:featuredmedia":[{"embeddable":true,"href":"https:\/\/less.org.rs\/index.php\/wp-json\/wp\/v2\/media\/350"}],"wp:attachment":[{"href":"https:\/\/less.org.rs\/index.php\/wp-json\/wp\/v2\/media?parent=349"}],"wp:term":[{"taxonomy":"category","embeddable":true,"href":"https:\/\/less.org.rs\/index.php\/wp-json\/wp\/v2\/categories?post=349"},{"taxonomy":"post_tag","embeddable":true,"href":"https:\/\/less.org.rs\/index.php\/wp-json\/wp\/v2\/tags?post=349"}],"curies":[{"name":"wp","href":"https:\/\/api.w.org\/{rel}","templated":true}]}}