{"id":358,"date":"2019-10-08T12:22:08","date_gmt":"2019-10-08T12:22:08","guid":{"rendered":"https:\/\/less.org.rs\/?p=358"},"modified":"2019-10-08T12:22:11","modified_gmt":"2019-10-08T12:22:11","slug":"tri-zlata-dve-bronze-i-jedno-srebro-za-atlete-iz-sk-arena","status":"publish","type":"post","link":"https:\/\/less.org.rs\/index.php\/2019\/10\/08\/tri-zlata-dve-bronze-i-jedno-srebro-za-atlete-iz-sk-arena\/","title":{"rendered":"Tri zlata, dve bronze i jedno srebro za atlete iz SK \u201eArena\u201c"},"content":{"rendered":"\n<p>U Zrenjaninu je odr\u017eano dr\u017eavno prvenstvo Specijalne olimpijade za decu sa posebnim potrebama \u2013 mentalni hendikep na kome su atlete iz Leskovca iz SK \u201cArena\u201c u raznim disciplinama osvojili 3 zlata, 2 bronzane i 1srebrnu medalju , \u0161to daje kvalifikacije za dalja evropska takmi\u010denja Specijalne olimpijade.<\/p>\n\n\n\n<figure class=\"wp-block-image\"><img fetchpriority=\"high\" decoding=\"async\" width=\"900\" height=\"540\" src=\"https:\/\/less.org.rs\/wp-content\/uploads\/2019\/10\/20190922_150720.jpg\" alt=\"\" class=\"wp-image-359\" srcset=\"https:\/\/less.org.rs\/wp-content\/uploads\/2019\/10\/20190922_150720.jpg 900w, https:\/\/less.org.rs\/wp-content\/uploads\/2019\/10\/20190922_150720-300x180.jpg 300w, https:\/\/less.org.rs\/wp-content\/uploads\/2019\/10\/20190922_150720-768x461.jpg 768w, https:\/\/less.org.rs\/wp-content\/uploads\/2019\/10\/20190922_150720-555x333.jpg 555w, https:\/\/less.org.rs\/wp-content\/uploads\/2019\/10\/20190922_150720-133x80.jpg 133w, https:\/\/less.org.rs\/wp-content\/uploads\/2019\/10\/20190922_150720-750x450.jpg 750w\" sizes=\"(max-width: 900px) 100vw, 900px\" \/><\/figure>\n\n\n\n<p>Takmi\u010denje je vodio trener Zoran Stankovi\u0107 iz Leskovca i Djurdjina Savi\u0107 iz Vlasotinca u konkurenciji izmedju 12.klubova iz Srbije.<\/p>\n\n\n\n<figure class=\"wp-block-image\"><img decoding=\"async\" width=\"900\" height=\"540\" src=\"https:\/\/less.org.rs\/wp-content\/uploads\/2019\/10\/20190922_122359.jpg\" alt=\"\" class=\"wp-image-361\" srcset=\"https:\/\/less.org.rs\/wp-content\/uploads\/2019\/10\/20190922_122359.jpg 900w, https:\/\/less.org.rs\/wp-content\/uploads\/2019\/10\/20190922_122359-300x180.jpg 300w, https:\/\/less.org.rs\/wp-content\/uploads\/2019\/10\/20190922_122359-768x461.jpg 768w, https:\/\/less.org.rs\/wp-content\/uploads\/2019\/10\/20190922_122359-555x333.jpg 555w, https:\/\/less.org.rs\/wp-content\/uploads\/2019\/10\/20190922_122359-133x80.jpg 133w, https:\/\/less.org.rs\/wp-content\/uploads\/2019\/10\/20190922_122359-750x450.jpg 750w\" sizes=\"(max-width: 900px) 100vw, 900px\" \/><\/figure>\n","protected":false},"excerpt":{"rendered":"<p>U Zrenjaninu je odr\u017eano dr\u017eavno prvenstvo Specijalne olimpijade za decu sa posebnim potrebama \u2013 mentalni hendikep na kome su atlete iz Leskovca iz SK \u201cArena\u201c u raznim disciplinama osvojili 3 zlata, 2 bronzane i 1srebrnu medalju , \u0161to daje kvalifikacije za dalja evropska takmi\u010denja Specijalne olimpijade. Takmi\u010denje je vodio trener Zoran Stankovi\u0107 iz Leskovca i [&hellip;]<\/p>\n","protected":false},"author":1,"featured_media":362,"comment_status":"open","ping_status":"open","sticky":false,"template":"","format":"standard","meta":{"footnotes":""},"categories":[3],"tags":[],"class_list":["post-358","post","type-post","status-publish","format-standard","has-post-thumbnail","hentry","category-vesti"],"_links":{"self":[{"href":"https:\/\/less.org.rs\/index.php\/wp-json\/wp\/v2\/posts\/358","targetHints":{"allow":["GET"]}}],"collection":[{"href":"https:\/\/less.org.rs\/index.php\/wp-json\/wp\/v2\/posts"}],"about":[{"href":"https:\/\/less.org.rs\/index.php\/wp-json\/wp\/v2\/types\/post"}],"author":[{"embeddable":true,"href":"https:\/\/less.org.rs\/index.php\/wp-json\/wp\/v2\/users\/1"}],"replies":[{"embeddable":true,"href":"https:\/\/less.org.rs\/index.php\/wp-json\/wp\/v2\/comments?post=358"}],"version-history":[{"count":1,"href":"https:\/\/less.org.rs\/index.php\/wp-json\/wp\/v2\/posts\/358\/revisions"}],"predecessor-version":[{"id":363,"href":"https:\/\/less.org.rs\/index.php\/wp-json\/wp\/v2\/posts\/358\/revisions\/363"}],"wp:featuredmedia":[{"embeddable":true,"href":"https:\/\/less.org.rs\/index.php\/wp-json\/wp\/v2\/media\/362"}],"wp:attachment":[{"href":"https:\/\/less.org.rs\/index.php\/wp-json\/wp\/v2\/media?parent=358"}],"wp:term":[{"taxonomy":"category","embeddable":true,"href":"https:\/\/less.org.rs\/index.php\/wp-json\/wp\/v2\/categories?post=358"},{"taxonomy":"post_tag","embeddable":true,"href":"https:\/\/less.org.rs\/index.php\/wp-json\/wp\/v2\/tags?post=358"}],"curies":[{"name":"wp","href":"https:\/\/api.w.org\/{rel}","templated":true}]}}